{"id":2400,"date":"2018-10-02T19:10:23","date_gmt":"2018-10-02T22:10:23","guid":{"rendered":"https:\/\/fundapaz.org.ar\/?p=2400"},"modified":"2018-10-03T14:33:33","modified_gmt":"2018-10-03T17:33:33","slug":"conozca-la-iniciativa-semiaridos-america-latina","status":"publish","type":"post","link":"https:\/\/fundapaz.org.ar\/en\/noticias\/conozca-la-iniciativa-semiaridos-america-latina\/","title":{"rendered":"Conozca la Iniciativa Semi\u00e1ridos Am\u00e9rica Latina"},"content":{"rendered":"<div class=\"wpb-content-wrapper\"><p>[vc_row][vc_column][vc_column_text css_animation=&#8221;top-to-bottom&#8221;]Ent\u00e9rese del trabajo que realiza esta Iniciativa impulsada en 9 pa\u00edses de ALC para atender las problem\u00e1ticas de las zonas semi\u00e1ridos relacionadas al acceso y gesti\u00f3n de la tierra, el agua y otros RR.NN. por parte de pobladores rurales con foco en comunidades ind\u00edgenas y campesinas.<\/p>\n<p>Las regiones Semi\u00e1ridas son las regiones margi<span class=\"text_exposed_show\">nadas de las pol\u00edticas p\u00fablicas y empobrecidas del continente y a la vez tienen un enorme potencial de desarrollo basado en sus propias fortalezas y riquezas naturales, por lo que abordar la problem\u00e1tica de la tierra y el agua en estas zonas es clave.<\/span><\/p>\n<p>[\/vc_column_text][vc_separator color=&#8221;white&#8221;][vc_raw_html]JTNDaWZyYW1lJTIwc3JjJTNEJTIyaHR0cHMlM0ElMkYlMkZ3d3cuZmFjZWJvb2suY29tJTJGcGx1Z2lucyUyRnZpZGVvLnBocCUzRmhyZWYlM0RodHRwcyUyNTNBJTI1MkYlMjUyRnd3dy5mYWNlYm9vay5jb20lMjUyRkFtZXJpY2FMYXRpbmEuSUxDJTI1MkZ2aWRlb3MlMjUyRjMyOTkwMDY4NDQzODA3MyUyNTJGJTI2d2lkdGglM0Q3MTMlMjZzaG93X3RleHQlM0RmYWxzZSUyNmFwcElkJTNENTI5NzM1NjM3MDQ3MTY5JTI2aGVpZ2h0JTNEMzk5JTIyJTIwd2lkdGglM0QlMjI3MTMlMjIlMjBoZWlnaHQlM0QlMjIzOTklMjIlMjBzdHlsZSUzRCUyMmJvcmRlciUzQW5vbmUlM0JvdmVyZmxvdyUzQWhpZGRlbiUyMiUyMHNjcm9sbGluZyUzRCUyMm5vJTIyJTIwZnJhbWVib3JkZXIlM0QlMjIwJTIyJTIwYWxsb3dUcmFuc3BhcmVuY3klM0QlMjJ0cnVlJTIyJTIwYWxsb3clM0QlMjJlbmNyeXB0ZWQtbWVkaWElMjIlMjBhbGxvd0Z1bGxTY3JlZW4lM0QlMjJ0cnVlJTIyJTNFJTNDJTJGaWZyYW1lJTNF[\/vc_raw_html][\/vc_column][\/vc_row]<\/p>\n<\/div>","protected":false},"excerpt":{"rendered":"<p>La comunidad de San Patricio ten\u00eda problemas para conseguir agua segura. A trav\u00e9s del Plan Nacional de Protecci\u00f3n Social los empez\u00f3 a visitar Ivana para acompa\u00f1arlos en lo que m\u00e1s necesitan. As\u00ed construimos dos cisternas, con las que ahora pueden almacenar agua de lluvia.<\/p>\n","protected":false},"author":2,"featured_media":2409,"comment_status":"open","ping_status":"open","sticky":false,"template":"","format":"standard","meta":{"_exactmetrics_skip_tracking":false,"_exactmetrics_sitenote_active":false,"_exactmetrics_sitenote_note":"","_exactmetrics_sitenote_category":0,"_monsterinsights_skip_tracking":false,"_monsterinsights_sitenote_active":false,"_monsterinsights_sitenote_note":"","_monsterinsights_sitenote_category":0,"footnotes":""},"categories":[8],"tags":[533,563,26,10,462,568,298,567,566,564,464,9,565],"class_list":["post-2400","post","type-post","status-publish","format-standard","has-post-thumbnail","hentry","category-noticias","tag-accion-campesina","tag-centro-sabia","tag-comunidades-indigenas","tag-fundapaz","tag-gestion-de-la-tierra","tag-gestion-del-agua","tag-ilc-alc","tag-nitlapan-uca","tag-nuevo-dia","tag-ong-cerdet","tag-politicas-publicas","tag-semiaridos","tag-sudamerica-rural-ipdrs"],"aioseo_notices":[],"_links":{"self":[{"href":"https:\/\/fundapaz.org.ar\/en\/wp-json\/wp\/v2\/posts\/2400","targetHints":{"allow":["GET"]}}],"collection":[{"href":"https:\/\/fundapaz.org.ar\/en\/wp-json\/wp\/v2\/posts"}],"about":[{"href":"https:\/\/fundapaz.org.ar\/en\/wp-json\/wp\/v2\/types\/post"}],"author":[{"embeddable":true,"href":"https:\/\/fundapaz.org.ar\/en\/wp-json\/wp\/v2\/users\/2"}],"replies":[{"embeddable":true,"href":"https:\/\/fundapaz.org.ar\/en\/wp-json\/wp\/v2\/comments?post=2400"}],"version-history":[{"count":0,"href":"https:\/\/fundapaz.org.ar\/en\/wp-json\/wp\/v2\/posts\/2400\/revisions"}],"wp:featuredmedia":[{"embeddable":true,"href":"https:\/\/fundapaz.org.ar\/en\/wp-json\/wp\/v2\/media\/2409"}],"wp:attachment":[{"href":"https:\/\/fundapaz.org.ar\/en\/wp-json\/wp\/v2\/media?parent=2400"}],"wp:term":[{"taxonomy":"category","embeddable":true,"href":"https:\/\/fundapaz.org.ar\/en\/wp-json\/wp\/v2\/categories?post=2400"},{"taxonomy":"post_tag","embeddable":true,"href":"https:\/\/fundapaz.org.ar\/en\/wp-json\/wp\/v2\/tags?post=2400"}],"curies":[{"name":"wp","href":"https:\/\/api.w.org\/{rel}","templated":true}]}}